{"id":3204,"date":"2022-03-30T12:27:59","date_gmt":"2022-03-30T10:27:59","guid":{"rendered":"https:\/\/fsr-verkehr.de\/?p=3204"},"modified":"2022-03-30T12:31:36","modified_gmt":"2022-03-30T10:31:36","slug":"grundvorlesung-oekologische-nachhaltigkeit","status":"publish","type":"post","link":"https:\/\/www.fsr-verkehr.de\/en\/grundvorlesung-oekologische-nachhaltigkeit\/","title":{"rendered":"Grundvorlesung \u00f6kologische Nachhaltigkeit"},"content":{"rendered":"\n<p>Die studentisch organisierte Grundvorlesung \u00f6kologische Nachhaltigkeit l\u00e4dt auch in diesem Semester wieder alle interessierten Menschen ein sich mit dem Thema Klimawandel, seinen Ursachen, Auswirkungen und L\u00f6sungsans\u00e4tzen auf einem niedrigschwelligen Niveau zu besch\u00e4ftigen. Ab dem 7.April erfahrt ihr jeden Donnerstag um 16.40 Uhr vor Ort, per Livestream und als Aufzeichnung spannende Fakten zu verschiedenen Aspekten des Klimawandels. Weitere Informationen erhaltet ihr hier: <a rel=\"noreferrer noopener\" href=\"https:\/\/tu-dresden.de\/umwelt\/vl-nachhaltigkeit\" target=\"_blank\"><\/a><a rel=\"noreferrer noopener\" href=\"https:\/\/tu-dresden.de\/umwelt\/vl-nachhaltigkeit\" target=\"_blank\">https:\/\/tu-dresden.de\/umwelt\/vl-nachhaltigkeit<\/a><\/p>\n\n\n\n<p>Den Opalkurs findet ihr hier: <a rel=\"noreferrer noopener\" href=\"https:\/\/tud.link\/39gz\" target=\"_blank\">https:\/\/tud.link\/39gz<\/a><\/p>\n\n\n\n<p><\/p>\n","protected":false},"excerpt":{"rendered":"<p>Die studentisch organisierte Grundvorlesung \u00f6kologische Nachhaltigkeit l\u00e4dt auch in diesem Semester wieder alle interessierten Menschen ein sich mit dem Thema Klimawandel, seinen Ursachen, Auswirkungen und \u2026<\/p>\n","protected":false},"author":19,"featured_media":0,"comment_status":"closed","ping_status":"closed","sticky":false,"template":"","format":"standard","meta":{"footnotes":""},"categories":[6],"tags":[],"class_list":["post-3204","post","type-post","status-publish","format-standard","hentry","category-aktuelles"],"translation":{"provider":"WPGlobus","version":"3.0.0","language":"en","enabled_languages":["de","en"],"languages":{"de":{"title":true,"content":true,"excerpt":false},"en":{"title":false,"content":false,"excerpt":false}}},"_links":{"self":[{"href":"https:\/\/www.fsr-verkehr.de\/en\/wp-json\/wp\/v2\/posts\/3204","targetHints":{"allow":["GET"]}}],"collection":[{"href":"https:\/\/www.fsr-verkehr.de\/en\/wp-json\/wp\/v2\/posts"}],"about":[{"href":"https:\/\/www.fsr-verkehr.de\/en\/wp-json\/wp\/v2\/types\/post"}],"author":[{"embeddable":true,"href":"https:\/\/www.fsr-verkehr.de\/en\/wp-json\/wp\/v2\/users\/19"}],"replies":[{"embeddable":true,"href":"https:\/\/www.fsr-verkehr.de\/en\/wp-json\/wp\/v2\/comments?post=3204"}],"version-history":[{"count":3,"href":"https:\/\/www.fsr-verkehr.de\/en\/wp-json\/wp\/v2\/posts\/3204\/revisions"}],"predecessor-version":[{"id":3207,"href":"https:\/\/www.fsr-verkehr.de\/en\/wp-json\/wp\/v2\/posts\/3204\/revisions\/3207"}],"wp:attachment":[{"href":"https:\/\/www.fsr-verkehr.de\/en\/wp-json\/wp\/v2\/media?parent=3204"}],"wp:term":[{"taxonomy":"category","embeddable":true,"href":"https:\/\/www.fsr-verkehr.de\/en\/wp-json\/wp\/v2\/categories?post=3204"},{"taxonomy":"post_tag","embeddable":true,"href":"https:\/\/www.fsr-verkehr.de\/en\/wp-json\/wp\/v2\/tags?post=3204"}],"curies":[{"name":"wp","href":"https:\/\/api.w.org\/{rel}","templated":true}]}}