{"id":4008,"date":"2022-08-07T17:03:26","date_gmt":"2022-08-07T15:03:26","guid":{"rendered":"https:\/\/fsr-verkehr.de\/?p=4008"},"modified":"2022-08-07T17:14:14","modified_gmt":"2022-08-07T15:14:14","slug":"betreuerinnen-fuer-herbstcamp-nachhaltigkeitswerkstatt-gesucht","status":"publish","type":"post","link":"https:\/\/www.fsr-verkehr.de\/en\/betreuerinnen-fuer-herbstcamp-nachhaltigkeitswerkstatt-gesucht\/","title":{"rendered":"Betreuerinnen f\u00fcr &#8220;Her*(bst)Camp \u2013 Nachhaltigkeitswerkstatt&#8221; gesucht"},"content":{"rendered":"\n<p>Die TU-Dresden veranstaltet in den Herbstferien vom <strong>17. bis 22.10<\/strong> eine \u201eHer*(bst)Camp \u2013 Nachhaltigkeitswerkstatt\u201c f\u00fcr 30 <strong>M\u00e4dchen <\/strong>ab Kl. 9 in Wei\u00dfwasser\/Lausitz. Dabei gestalten wir als Fakult\u00e4t Verkehrswissenschaften an 3 Tagen (Di. bis Do.) drei Vormittagsworkshops rund um Verkehr und Nachhaltigkeit.<\/p>\n\n\n\n<p>F\u00fcr das Camp wird noch eine <strong>Studentin <\/strong>aus den Verkehrswissenschaften gesucht, die dort mit vor Ort ist und die M\u00e4dchen insbesondere Fr\u00fch und am Nachmittag nach den Workshops mitbetreut, als Gespr\u00e4chspartnerin zur Verf\u00fcgung steht und nat\u00fcrlich auch von ihrem Studium erz\u00e4hlt.<\/p>\n\n\n\n<p>Die Konditionen w\u00e4ren folgende:<\/p>\n\n\n\n<ul class=\"wp-block-list\"><li>Anreise Montag, 17.10., bis 12 Uhr \u2013 Abreise am Sa. 22.10<\/li><li>Arbeitszeit insgesamt 50 Stunden angesetzt &#8211; Fr\u00fch zwischen Fr\u00fchst\u00fcck und Start Workshops 9 Uhr + am Nachmittag ab ca. 17 Uhr nach den Workshops bis Bettzeit (und falls nachts etwas w\u00e4re \u2013 es sind nat\u00fcrlich noch weitere Betreuerinnen vor Ort). Dazwischen kann die Zeit individuell genutzt werden.<\/li><li>Verg\u00fctung: 12 Euro \/h &gt; bei 50 h = 600 Euro<\/li><li>Verpflegung, Unterkunft sowie An- und Abreisekosten werden ebenfalls \u00fcbernommen.<\/li><li>Anstellung als SHK f\u00fcr das Projekt Herbstcamp<\/li><\/ul>\n\n\n\n<p>Es besteht auch die M\u00f6glichkeit, dass sich zwei Studentinnen die Zeit teilen \u2013 also z.B. eine von Montag bis Mittwochvormittag und die andere von Mittwochnachmittag bis Samstagvormittag (oder eine andere Variante).<\/p>\n\n\n\n<p>Bei Interesse freuen wir uns auf R\u00fcckmeldung an uns (z.B. per <a href=\"mailto:fsrverkehr@tu-dresden.de\">Mail<\/a>) <strong>bis zum n\u00e4chsten Mittwoch, 10.8..<\/strong><\/p>\n","protected":false},"excerpt":{"rendered":"<p>Die TU-Dresden veranstaltet in den Herbstferien vom 17. bis 22.10 eine \u201eHer*(bst)Camp \u2013 Nachhaltigkeitswerkstatt\u201c f\u00fcr 30 M\u00e4dchen ab Kl. 9 in Wei\u00dfwasser\/Lausitz. Dabei gestalten wir \u2026<\/p>\n","protected":false},"author":5,"featured_media":0,"comment_status":"closed","ping_status":"closed","sticky":false,"template":"","format":"standard","meta":{"footnotes":""},"categories":[6],"tags":[],"class_list":["post-4008","post","type-post","status-publish","format-standard","hentry","category-aktuelles"],"translation":{"provider":"WPGlobus","version":"3.0.0","language":"en","enabled_languages":["de","en"],"languages":{"de":{"title":true,"content":true,"excerpt":false},"en":{"title":false,"content":false,"excerpt":false}}},"_links":{"self":[{"href":"https:\/\/www.fsr-verkehr.de\/en\/wp-json\/wp\/v2\/posts\/4008","targetHints":{"allow":["GET"]}}],"collection":[{"href":"https:\/\/www.fsr-verkehr.de\/en\/wp-json\/wp\/v2\/posts"}],"about":[{"href":"https:\/\/www.fsr-verkehr.de\/en\/wp-json\/wp\/v2\/types\/post"}],"author":[{"embeddable":true,"href":"https:\/\/www.fsr-verkehr.de\/en\/wp-json\/wp\/v2\/users\/5"}],"replies":[{"embeddable":true,"href":"https:\/\/www.fsr-verkehr.de\/en\/wp-json\/wp\/v2\/comments?post=4008"}],"version-history":[{"count":1,"href":"https:\/\/www.fsr-verkehr.de\/en\/wp-json\/wp\/v2\/posts\/4008\/revisions"}],"predecessor-version":[{"id":4009,"href":"https:\/\/www.fsr-verkehr.de\/en\/wp-json\/wp\/v2\/posts\/4008\/revisions\/4009"}],"wp:attachment":[{"href":"https:\/\/www.fsr-verkehr.de\/en\/wp-json\/wp\/v2\/media?parent=4008"}],"wp:term":[{"taxonomy":"category","embeddable":true,"href":"https:\/\/www.fsr-verkehr.de\/en\/wp-json\/wp\/v2\/categories?post=4008"},{"taxonomy":"post_tag","embeddable":true,"href":"https:\/\/www.fsr-verkehr.de\/en\/wp-json\/wp\/v2\/tags?post=4008"}],"curies":[{"name":"wp","href":"https:\/\/api.w.org\/{rel}","templated":true}]}}