{"id":4433,"date":"2022-12-06T14:10:28","date_gmt":"2022-12-06T13:10:28","guid":{"rendered":"https:\/\/fsr-verkehr.de\/?p=4433"},"modified":"2023-11-02T17:05:15","modified_gmt":"2023-11-02T16:05:15","slug":"prof-becker-und-dr-frank-erhalten-den-ersten-lehrpreis-der-fakultaet-verkehrswissenschaften","status":"publish","type":"post","link":"https:\/\/www.fsr-verkehr.de\/en\/prof-becker-und-dr-frank-erhalten-den-ersten-lehrpreis-der-fakultaet-verkehrswissenschaften\/","title":{"rendered":"Prof. Becker and Dr. Frank receive the first teaching award of the Faculty of Transportation Sciences!"},"content":{"rendered":"\n<p>On Faculty Day, the first Transportation Sciences Faculty Teaching Awards were presented.<\/p>\n\n\n\n<p><strong>The one for basic courses (VIW Grundstudium and Bachelor VWI) was awarded to Prof. Udo Becker for his course &#8220;Environment &amp; Transport (Umwelt &amp; Verkehr)&#8221;.<\/strong><\/p>\n\n\n\n<p><strong>The one for <strong>advanced<\/strong><\/strong> <strong>courses (VIW Hauptstudium and Master studies) was awarded to <strong>Dr. Stefan Frank<\/strong> for his course &#8220;Resource Management<\/strong> <strong>(<strong>Ressourcenmanagement<\/strong>)&#8221;.<\/strong><\/p>\n\n\n\n<p>We would like to thank both lecturers very much for their commitment to our faculty and are pleased that we were able to award the teaching prize to them this year. It is even nicer that both Prof. Becker and Dr. Frank have donated the prize money of 250\u20ac to the Student Council, for which we thank them very much!<\/p>\n\n\n\n<p><strong>We would like to thank all of you students for your hard work in voting and writing explanations and the dean&#8217;s office for their support, e.g. in the faculty council.<\/strong><\/p>\n\n\n\n<p><strong>The justifications in German for the awarding of the teaching prize can be found below:<\/strong><\/p>\n\n\n\n<hr class=\"wp-block-separator has-alpha-channel-opacity\"\/>\n\n\n\n<p>Prof. Becker hat es in seiner Vorlesung \u201eUmwelt &amp; Verkehr\u201c geschafft, die fachrelevanten Inhalte mit humorvollen Spitzen darzustellen. Er bestach durch au\u00dferordentlich spannende und engagierte Vortragsweise und stellte seine Inhalte \u00e4u\u00dferst anschaulich und verst\u00e4ndlich dar.<\/p>\n\n\n\n<p>Die Lehrveranstaltung, deren Akzeptanz man auch am Besuch von Studierenden diverser anderer Studieng\u00e4nge im Rahmen von Wahl- oder AQUA-Modulen beobachten konnte, ging weit \u00fcber den Wortsinn \u201eVorlesung\u201c heraus. Der Dozent hat die Studierenden auf eine spannende und unterhaltsame Reise durch das Thema mitgenommen. In seinen Vorlesungen regte er die Studierenden zum Nachdenken an und wog dabei gekonnt verschiedene Positionen ab. Gegenw\u00e4rtige verkehrspolitische Themen wurden dabei ebenso behandelt wie wichtige physikalische und chemische Grundlagen im Bereich der \u00d6kologie.<\/p>\n\n\n\n<p>Mit aktuellen Daten und Fakten legte Prof. Becker ausf\u00fchrlich und gleichzeitig verst\u00e4ndlich dar, welchen Einfluss der Verkehr und damit unser Studiengebiet auf das Klima, die Gesellschaft und die Umwelt hat. Durch viele praxisrelevante Beispiele animierte er dazu, den eigenen Blickwinkel zu \u00e4ndern und sein eigenes Verhalten zu \u00fcberdenken. Dabei nahm er in jeglicher Hinsicht kein Blatt vor den Mund, um den Studierenden die politische und gesellschaftliche Bedeutung eines der wichtigsten Zukunftsthemen, n\u00e4mlich dem Klimawandel und dessen Verhinderung, zu vermitteln.<\/p>\n\n\n\n<p>Damit hat er einen au\u00dfergew\u00f6hnlichen Beitrag zu unseren Verkehrsstudieng\u00e4ngen geleistet und somit den Lehrpreis unserer Fakult\u00e4t f\u00fcr grundst\u00e4ndige Lehre 2022 verdient.<\/p>\n\n\n\n<hr class=\"wp-block-separator has-alpha-channel-opacity\"\/>\n\n\n\n<p>Dr. Frank war in seiner Vorlesung \u201eRessourcenmanagement\u201c sehr engagiert und hat das Interesse an Fragestellungen insbesondere zu Onlineproblemen und dynamischen Einfl\u00fcssen gesteigert. Jede Lehrveranstaltung wurde dabei in hybrider Form so durchgef\u00fchrt, dass sowohl Studierende, die in Pr\u00e4senz anwesend waren, als auch im Videocall zugeschaltete Studierende aktiv an der Vorlesung bzw. der \u00dcbung teilnehmen konnten.<\/p>\n\n\n\n<p>In der Lehrveranstaltung brachte er vielf\u00e4ltige Aspekte aus der Verkehrslogistik ein und gab einen umfassenden \u00dcberblick \u00fcber Problemstellungen, um anschlie\u00dfend viel Zeit zu investieren, mit jedem einzelnen Studierenden gemeinsam an einem konkreten Thema f\u00fcr Hausarbeiten zu arbeiten und L\u00f6sungen zu entwickeln. Er stand dabei den Studierenden bei R\u00fcckfragen immer, auch au\u00dferhalb der vorgesehenen Wochenstunden des Moduls, zur Verf\u00fcgung.&nbsp;<\/p>\n\n\n\n<p>In der Vorlesung gab es aus jeder Vertiefung immer wieder passende Beispiele, die die Theorie veranschaulichten, was insbesondere deshalb sinnvoll war, da es sich um ein Wahlpflichtmodul aus verschiedenen Studieng\u00e4ngen und Vertiefungsrichtungen handelte.<br>Bemerkenswert war des Weiteren, dass er seine Vorlesung zus\u00e4tzlich freiwillig vom ZiLL evaluieren lie\u00df, um ein Feedback f\u00fcr seine Lehre zu bekommen.<\/p>\n\n\n\n<p>Aufgrund dieses au\u00dferordentlichen Engagements m\u00f6chten wir den Lehrpreis unserer Fakult\u00e4t f\u00fcr weiterf\u00fchrende Lehre im Jahr 2022 an Dr. Frank vergeben.<\/p>\n","protected":false},"excerpt":{"rendered":"<p>On Faculty Day, the first Transportation Sciences Faculty Teaching Awards were presented. The one for basic courses (VIW Grundstudium and Bachelor VWI) was awarded to \u2026<\/p>\n","protected":false},"author":5,"featured_media":4435,"comment_status":"closed","ping_status":"closed","sticky":false,"template":"","format":"standard","meta":{"footnotes":""},"categories":[6],"tags":[],"class_list":["post-4433","post","type-post","status-publish","format-standard","has-post-thumbnail","hentry","category-aktuelles"],"translation":{"provider":"WPGlobus","version":"3.0.0","language":"en","enabled_languages":["de","en"],"languages":{"de":{"title":true,"content":true,"excerpt":false},"en":{"title":true,"content":true,"excerpt":false}}},"_links":{"self":[{"href":"https:\/\/www.fsr-verkehr.de\/en\/wp-json\/wp\/v2\/posts\/4433","targetHints":{"allow":["GET"]}}],"collection":[{"href":"https:\/\/www.fsr-verkehr.de\/en\/wp-json\/wp\/v2\/posts"}],"about":[{"href":"https:\/\/www.fsr-verkehr.de\/en\/wp-json\/wp\/v2\/types\/post"}],"author":[{"embeddable":true,"href":"https:\/\/www.fsr-verkehr.de\/en\/wp-json\/wp\/v2\/users\/5"}],"replies":[{"embeddable":true,"href":"https:\/\/www.fsr-verkehr.de\/en\/wp-json\/wp\/v2\/comments?post=4433"}],"version-history":[{"count":6,"href":"https:\/\/www.fsr-verkehr.de\/en\/wp-json\/wp\/v2\/posts\/4433\/revisions"}],"predecessor-version":[{"id":7359,"href":"https:\/\/www.fsr-verkehr.de\/en\/wp-json\/wp\/v2\/posts\/4433\/revisions\/7359"}],"wp:featuredmedia":[{"embeddable":true,"href":"https:\/\/www.fsr-verkehr.de\/en\/wp-json\/wp\/v2\/media\/4435"}],"wp:attachment":[{"href":"https:\/\/www.fsr-verkehr.de\/en\/wp-json\/wp\/v2\/media?parent=4433"}],"wp:term":[{"taxonomy":"category","embeddable":true,"href":"https:\/\/www.fsr-verkehr.de\/en\/wp-json\/wp\/v2\/categories?post=4433"},{"taxonomy":"post_tag","embeddable":true,"href":"https:\/\/www.fsr-verkehr.de\/en\/wp-json\/wp\/v2\/tags?post=4433"}],"curies":[{"name":"wp","href":"https:\/\/api.w.org\/{rel}","templated":true}]}}