{"id":7812,"date":"2023-11-30T08:36:14","date_gmt":"2023-11-30T07:36:14","guid":{"rendered":"https:\/\/www.fsr-verkehr.de\/?p=7812"},"modified":"2023-11-30T08:40:07","modified_gmt":"2023-11-30T07:40:07","slug":"exkursion-zum-mercedes-benz-werk-woerth","status":"publish","type":"post","link":"https:\/\/www.fsr-verkehr.de\/en\/exkursion-zum-mercedes-benz-werk-woerth\/","title":{"rendered":"Exkursion zum Mercedes-Benz-Werk W\u00f6rth"},"content":{"rendered":"\n<ul class=\"wp-block-list\">\n<li>Am 25. und 26. Januar 2024<\/li>\n\n\n\n<li>Anreise am Donnerstag, den 25. Januar (Start: 9:00 Uhr vor dem Jante-Bau)<\/li>\n\n\n\n<li>\u00dcbernachtung in der Jugendherberge Karlsruhe<\/li>\n\n\n\n<li>Werksf\u00fchrung und spannende Vortr\u00e4ge vor Ort in W\u00f6rth am 26. Januar<\/li>\n\n\n\n<li>Kosten: voraussichtlich zwischen 70 und 80 \u20ac<\/li>\n\n\n\n<li>Einschreibung \u00fcber OPAL:\u00a0<a href=\"https:\/\/tud.link\/z52p\">https:\/\/tud.link\/z52p<\/a> oder per <a href=\"mailto:thomas.schroeder@mailbox.tu-dresden.de\">Email<\/a><\/li>\n<\/ul>\n","protected":false},"excerpt":{"rendered":"","protected":false},"author":18,"featured_media":6031,"comment_status":"closed","ping_status":"closed","sticky":false,"template":"","format":"standard","meta":{"footnotes":""},"categories":[514],"tags":[],"class_list":["post-7812","post","type-post","status-publish","format-standard","has-post-thumbnail","hentry","category-schwarzes-brett"],"translation":{"provider":"WPGlobus","version":"3.0.0","language":"en","enabled_languages":["de","en"],"languages":{"de":{"title":true,"content":true,"excerpt":false},"en":{"title":false,"content":false,"excerpt":false}}},"_links":{"self":[{"href":"https:\/\/www.fsr-verkehr.de\/en\/wp-json\/wp\/v2\/posts\/7812","targetHints":{"allow":["GET"]}}],"collection":[{"href":"https:\/\/www.fsr-verkehr.de\/en\/wp-json\/wp\/v2\/posts"}],"about":[{"href":"https:\/\/www.fsr-verkehr.de\/en\/wp-json\/wp\/v2\/types\/post"}],"author":[{"embeddable":true,"href":"https:\/\/www.fsr-verkehr.de\/en\/wp-json\/wp\/v2\/users\/18"}],"replies":[{"embeddable":true,"href":"https:\/\/www.fsr-verkehr.de\/en\/wp-json\/wp\/v2\/comments?post=7812"}],"version-history":[{"count":3,"href":"https:\/\/www.fsr-verkehr.de\/en\/wp-json\/wp\/v2\/posts\/7812\/revisions"}],"predecessor-version":[{"id":7815,"href":"https:\/\/www.fsr-verkehr.de\/en\/wp-json\/wp\/v2\/posts\/7812\/revisions\/7815"}],"wp:featuredmedia":[{"embeddable":true,"href":"https:\/\/www.fsr-verkehr.de\/en\/wp-json\/wp\/v2\/media\/6031"}],"wp:attachment":[{"href":"https:\/\/www.fsr-verkehr.de\/en\/wp-json\/wp\/v2\/media?parent=7812"}],"wp:term":[{"taxonomy":"category","embeddable":true,"href":"https:\/\/www.fsr-verkehr.de\/en\/wp-json\/wp\/v2\/categories?post=7812"},{"taxonomy":"post_tag","embeddable":true,"href":"https:\/\/www.fsr-verkehr.de\/en\/wp-json\/wp\/v2\/tags?post=7812"}],"curies":[{"name":"wp","href":"https:\/\/api.w.org\/{rel}","templated":true}]}}