{"id":7894,"date":"2023-12-19T14:40:57","date_gmt":"2023-12-19T13:40:57","guid":{"rendered":"https:\/\/www.fsr-verkehr.de\/?p=7894"},"modified":"2023-12-20T00:13:44","modified_gmt":"2023-12-19T23:13:44","slug":"diskussionsabend-strassenbahnprojekte-in-dresden-wohin-soll-die-tram-als-naechstes-fahren","status":"publish","type":"post","link":"https:\/\/www.fsr-verkehr.de\/en\/diskussionsabend-strassenbahnprojekte-in-dresden-wohin-soll-die-tram-als-naechstes-fahren\/","title":{"rendered":"Diskussionsabend: Stra\u00dfenbahnprojekte in Dresden \u2013 Wohin soll die Tram als N\u00e4chstes fahren?"},"content":{"rendered":"\n<p>Der Ausbau der Stra\u00dfenbahn besch\u00e4ftigt nicht erst seit der Planung der Campuslinie viele Dresdner. Du hast eine Meinung oder eine Idee, wohin die Tram als N\u00e4chstes fahren sollte?<\/p>\n\n\n\n<p>Dann komm zu unserem Diskussionsabend am&nbsp;<strong>Mittwoch, den 17. Januar 2023<\/strong>&nbsp;um&nbsp;<strong>18:30 Uhr<\/strong>&nbsp;im&nbsp;<strong>POT 13<\/strong>&nbsp;der&nbsp;<strong>Fakult\u00e4t Verkehrswissenschaften<\/strong>. Dort kannst du mit Studierenden und Mitarbeitenden der Uni \u00fcber die aktuellen und zuk\u00fcnftigen Herausforderungen und Chancen der Stra\u00dfenbahn in Dresden reden.<\/p>\n\n\n\n<p>Wir freuen uns auf einen spannenden und informativen Austausch!<\/p>\n\n\n\n<p>F\u00fcr Snacks und Getr\u00e4nke ist gesorgt.<\/p>\n\n\n\n<figure class=\"wp-block-image size-large\"><img loading=\"lazy\" decoding=\"async\" width=\"720\" height=\"1024\" src=\"https:\/\/www.fsr-verkehr.de\/wp-content\/uploads\/2023\/12\/Screenshot-2023-12-19-142930-2-720x1024.jpg\" alt=\"\" class=\"wp-image-7893\" srcset=\"https:\/\/www.fsr-verkehr.de\/wp-content\/uploads\/2023\/12\/Screenshot-2023-12-19-142930-2-720x1024.jpg 720w, https:\/\/www.fsr-verkehr.de\/wp-content\/uploads\/2023\/12\/Screenshot-2023-12-19-142930-2-211x300.jpg 211w, https:\/\/www.fsr-verkehr.de\/wp-content\/uploads\/2023\/12\/Screenshot-2023-12-19-142930-2-768x1093.jpg 768w, https:\/\/www.fsr-verkehr.de\/wp-content\/uploads\/2023\/12\/Screenshot-2023-12-19-142930-2-1079x1536.jpg 1079w, https:\/\/www.fsr-verkehr.de\/wp-content\/uploads\/2023\/12\/Screenshot-2023-12-19-142930-2.jpg 1092w\" sizes=\"auto, (max-width: 720px) 100vw, 720px\" \/><\/figure>\n","protected":false},"excerpt":{"rendered":"<p>Der Ausbau der Stra\u00dfenbahn besch\u00e4ftigt nicht erst seit der Planung der Campuslinie viele Dresdner. Du hast eine Meinung oder eine Idee, wohin die Tram als \u2026<\/p>\n","protected":false},"author":6,"featured_media":7896,"comment_status":"closed","ping_status":"closed","sticky":false,"template":"","format":"standard","meta":{"footnotes":""},"categories":[6,171],"tags":[],"class_list":["post-7894","post","type-post","status-publish","format-standard","has-post-thumbnail","hentry","category-aktuelles","category-news"],"translation":{"provider":"WPGlobus","version":"3.0.0","language":"en","enabled_languages":["de","en"],"languages":{"de":{"title":true,"content":true,"excerpt":false},"en":{"title":false,"content":false,"excerpt":false}}},"_links":{"self":[{"href":"https:\/\/www.fsr-verkehr.de\/en\/wp-json\/wp\/v2\/posts\/7894","targetHints":{"allow":["GET"]}}],"collection":[{"href":"https:\/\/www.fsr-verkehr.de\/en\/wp-json\/wp\/v2\/posts"}],"about":[{"href":"https:\/\/www.fsr-verkehr.de\/en\/wp-json\/wp\/v2\/types\/post"}],"author":[{"embeddable":true,"href":"https:\/\/www.fsr-verkehr.de\/en\/wp-json\/wp\/v2\/users\/6"}],"replies":[{"embeddable":true,"href":"https:\/\/www.fsr-verkehr.de\/en\/wp-json\/wp\/v2\/comments?post=7894"}],"version-history":[{"count":2,"href":"https:\/\/www.fsr-verkehr.de\/en\/wp-json\/wp\/v2\/posts\/7894\/revisions"}],"predecessor-version":[{"id":7901,"href":"https:\/\/www.fsr-verkehr.de\/en\/wp-json\/wp\/v2\/posts\/7894\/revisions\/7901"}],"wp:featuredmedia":[{"embeddable":true,"href":"https:\/\/www.fsr-verkehr.de\/en\/wp-json\/wp\/v2\/media\/7896"}],"wp:attachment":[{"href":"https:\/\/www.fsr-verkehr.de\/en\/wp-json\/wp\/v2\/media?parent=7894"}],"wp:term":[{"taxonomy":"category","embeddable":true,"href":"https:\/\/www.fsr-verkehr.de\/en\/wp-json\/wp\/v2\/categories?post=7894"},{"taxonomy":"post_tag","embeddable":true,"href":"https:\/\/www.fsr-verkehr.de\/en\/wp-json\/wp\/v2\/tags?post=7894"}],"curies":[{"name":"wp","href":"https:\/\/api.w.org\/{rel}","templated":true}]}}