{"id":8593,"date":"2024-05-21T00:13:27","date_gmt":"2024-05-20T22:13:27","guid":{"rendered":"https:\/\/www.fsr-verkehr.de\/?p=8593"},"modified":"2024-06-02T19:16:28","modified_gmt":"2024-06-02T17:16:28","slug":"kompass-hauptstudium-2024","status":"publish","type":"post","link":"https:\/\/www.fsr-verkehr.de\/en\/kompass-hauptstudium-2024\/","title":{"rendered":"Kompass Hauptstudium 2024"},"content":{"rendered":"\n<p>Jeder VIW-Jahrgang steht am Ende des vierten Semesters vor der Wahl der Studienrichtung im Hauptstudium. Mit dieser f\u00fcr euren weiteren Studienverlauf und euer Berufsleben wegweisenden Entscheidung lassen wir euch nat\u00fcrlich nicht allein. Im Rahmen der Veranstaltungsreihe &#8220;Kompass Hauptstudium&#8221;, die wir gemeinsam mit Sp\u00e4tverkehr und unserer Fakult\u00e4t durchf\u00fchren, m\u00f6chten wir euch die einzelnen Vertiefungsrichtungen aus verschiedenen Perspektiven vorstellen und daf\u00fcr sorgen, dass keine Fragen offen bleiben und ihr bestens informiert eure Vertiefung w\u00e4hlen und ins Hauptstudium starten k\u00f6nnt!<\/p>\n\n\n\n<p>Die drei Informationsveranstaltungen finden an den folgenden Terminen im POT\/361 statt:<\/p>\n\n\n\n<ul class=\"wp-block-list\">\n<li>Montag, 3. Juni, 14:50 &#8211; 16:20 Uhr: Vorstellung der Vertiefungen durch die Studienrichtungsleitenden<\/li>\n\n\n\n<li>Montag, 10. Juni, 14:50 &#8211; 16:20 Uhr: Vorstellung der Vertiefungen durch Studierende des 8. Semesters<\/li>\n\n\n\n<li>Montag, 24. Juni, 14:50 &#8211; 16:20 Uhr: Perspektiven nach dem Studium \u2013 Absolvent:innen blicken auf ihre Vertiefungen zur\u00fcck und erz\u00e4hlen von ihrem Berufsleben<\/li>\n<\/ul>\n\n\n\n<p>Unabh\u00e4ngig von der Vertiefungswahl \u00fcberlegen vielleicht auch einige von euch, im Laufe ihres Hauptstudiums ein Auslandssemester zu absolvieren. Dort werden Herr Dr. Krieg und Herr Dr. Schade von unserer Fakult\u00e4t sowie Frau Dr. Eisenl\u00f6ffel aus dem International Office euch mit allen Informationen versorgen, die ihr zum Studieren im Ausland braucht. Diese Veranstaltung wird im POT\/168 stattfinden:<\/p>\n\n\n\n<ul class=\"wp-block-list\">\n<li>Donnerstag, 20. Juni, 14:50 &#8211; 16:20 Uhr: Informationen zum Studieren im Ausland<\/li>\n<\/ul>\n\n\n\n<p>F\u00fcr alle Veranstaltungen ist <a href=\"https:\/\/bbb.tu-dresden.de\/rooms\/yla-yd1-lw3-1sa\/join\">unter diesem Link<\/a> eine Online-Teilnahmem\u00f6glichkeit per BigBlueButton vorgesehen. Alle Folien werden wir euch au\u00dferdem in <a href=\"https:\/\/bildungsportal.sachsen.de\/opal\/auth\/RepositoryEntry\/44945801217\/CourseNode\/101656709445319\">diesem OPAL-Kurs<\/a> bereitstellen.<\/p>\n","protected":false},"excerpt":{"rendered":"<p>Jeder VIW-Jahrgang steht am Ende des vierten Semesters vor der Wahl der Studienrichtung im Hauptstudium. Mit dieser f\u00fcr euren weiteren Studienverlauf und euer Berufsleben wegweisenden \u2026<\/p>\n","protected":false},"author":18,"featured_media":8629,"comment_status":"closed","ping_status":"closed","sticky":false,"template":"","format":"standard","meta":{"footnotes":""},"categories":[6],"tags":[],"class_list":["post-8593","post","type-post","status-publish","format-standard","has-post-thumbnail","hentry","category-aktuelles"],"translation":{"provider":"WPGlobus","version":"3.0.0","language":"en","enabled_languages":["de","en"],"languages":{"de":{"title":true,"content":true,"excerpt":false},"en":{"title":false,"content":false,"excerpt":false}}},"_links":{"self":[{"href":"https:\/\/www.fsr-verkehr.de\/en\/wp-json\/wp\/v2\/posts\/8593","targetHints":{"allow":["GET"]}}],"collection":[{"href":"https:\/\/www.fsr-verkehr.de\/en\/wp-json\/wp\/v2\/posts"}],"about":[{"href":"https:\/\/www.fsr-verkehr.de\/en\/wp-json\/wp\/v2\/types\/post"}],"author":[{"embeddable":true,"href":"https:\/\/www.fsr-verkehr.de\/en\/wp-json\/wp\/v2\/users\/18"}],"replies":[{"embeddable":true,"href":"https:\/\/www.fsr-verkehr.de\/en\/wp-json\/wp\/v2\/comments?post=8593"}],"version-history":[{"count":2,"href":"https:\/\/www.fsr-verkehr.de\/en\/wp-json\/wp\/v2\/posts\/8593\/revisions"}],"predecessor-version":[{"id":8631,"href":"https:\/\/www.fsr-verkehr.de\/en\/wp-json\/wp\/v2\/posts\/8593\/revisions\/8631"}],"wp:featuredmedia":[{"embeddable":true,"href":"https:\/\/www.fsr-verkehr.de\/en\/wp-json\/wp\/v2\/media\/8629"}],"wp:attachment":[{"href":"https:\/\/www.fsr-verkehr.de\/en\/wp-json\/wp\/v2\/media?parent=8593"}],"wp:term":[{"taxonomy":"category","embeddable":true,"href":"https:\/\/www.fsr-verkehr.de\/en\/wp-json\/wp\/v2\/categories?post=8593"},{"taxonomy":"post_tag","embeddable":true,"href":"https:\/\/www.fsr-verkehr.de\/en\/wp-json\/wp\/v2\/tags?post=8593"}],"curies":[{"name":"wp","href":"https:\/\/api.w.org\/{rel}","templated":true}]}}