{"id":9647,"date":"2025-02-05T10:59:28","date_gmt":"2025-02-05T09:59:28","guid":{"rendered":"https:\/\/www.fsr-verkehr.de\/?p=9647"},"modified":"2025-02-05T11:03:11","modified_gmt":"2025-02-05T10:03:11","slug":"forum-politik-ingenieur-der-uni-an-der-uni-konstanz","status":"publish","type":"post","link":"https:\/\/www.fsr-verkehr.de\/en\/forum-politik-ingenieur-der-uni-an-der-uni-konstanz\/","title":{"rendered":"Forum Politik-Ingenieur der Uni an der Uni Konstanz"},"content":{"rendered":"\n<p>Ihr interessiert Euch f\u00fcr die <strong>Schnittstelle von Politik und Technik<\/strong>? Ihr schreibt eine Seminar- oder Abschlussarbeit, die technische und politische Aspekte verbindet? Ihr w\u00fcrdet gerne aktiv werden im Forschungsfeld zwischen Politik und Technik, wisst aber noch nicht, wie Ihr erfolgreich \u00dcberzeugungsarbeit f\u00fcr Eure Sache leisten k\u00f6nnt?<\/p>\n\n\n\n<p>Das <strong>Forum Politik-Ingenieur<\/strong> der Transferplattform SPNV-Monitor an der Universit\u00e4t Konstanz m\u00f6chte mit allen \u00bbpolitik-ingenieurisch\u00ab interessierten Studierenden ins Gespr\u00e4ch kommen, sie bei der Vernetzung innerhalb der noch wenig institutionalisierten \u00bbPol-Ing-Community\u00ab unterst\u00fctzen und als Promoter f\u00fcr die akademische und praktische Relevanz der interdisziplin\u00e4ren Arbeit zwischen Politik und Technik auftreten.<\/p>\n\n\n\n<p>Weitere Informationen findet Ihr auf der <a href=\"https:\/\/spnv-monitor.de\/pol-ing.html\">Homepage des Projekts<\/a> und in der <a href=\"https:\/\/spnv-monitor.de\/media\/files\/einladung_pol-ing_25-01-10.pdf\">Einladung ebendort<\/a> (beides externe Links).<\/p>\n","protected":false},"excerpt":{"rendered":"<p>Ihr interessiert Euch f\u00fcr die Schnittstelle von Politik und Technik? Ihr schreibt eine Seminar- oder Abschlussarbeit, die technische und politische Aspekte verbindet? Ihr w\u00fcrdet gerne \u2026<\/p>\n","protected":false},"author":28,"featured_media":6031,"comment_status":"closed","ping_status":"closed","sticky":false,"template":"","format":"standard","meta":{"footnotes":""},"categories":[6,514,1],"tags":[],"class_list":["post-9647","post","type-post","status-publish","format-standard","has-post-thumbnail","hentry","category-aktuelles","category-schwarzes-brett","category-uncategorized"],"translation":{"provider":"WPGlobus","version":"3.0.0","language":"en","enabled_languages":["de","en"],"languages":{"de":{"title":true,"content":true,"excerpt":false},"en":{"title":false,"content":false,"excerpt":false}}},"_links":{"self":[{"href":"https:\/\/www.fsr-verkehr.de\/en\/wp-json\/wp\/v2\/posts\/9647","targetHints":{"allow":["GET"]}}],"collection":[{"href":"https:\/\/www.fsr-verkehr.de\/en\/wp-json\/wp\/v2\/posts"}],"about":[{"href":"https:\/\/www.fsr-verkehr.de\/en\/wp-json\/wp\/v2\/types\/post"}],"author":[{"embeddable":true,"href":"https:\/\/www.fsr-verkehr.de\/en\/wp-json\/wp\/v2\/users\/28"}],"replies":[{"embeddable":true,"href":"https:\/\/www.fsr-verkehr.de\/en\/wp-json\/wp\/v2\/comments?post=9647"}],"version-history":[{"count":1,"href":"https:\/\/www.fsr-verkehr.de\/en\/wp-json\/wp\/v2\/posts\/9647\/revisions"}],"predecessor-version":[{"id":9648,"href":"https:\/\/www.fsr-verkehr.de\/en\/wp-json\/wp\/v2\/posts\/9647\/revisions\/9648"}],"wp:featuredmedia":[{"embeddable":true,"href":"https:\/\/www.fsr-verkehr.de\/en\/wp-json\/wp\/v2\/media\/6031"}],"wp:attachment":[{"href":"https:\/\/www.fsr-verkehr.de\/en\/wp-json\/wp\/v2\/media?parent=9647"}],"wp:term":[{"taxonomy":"category","embeddable":true,"href":"https:\/\/www.fsr-verkehr.de\/en\/wp-json\/wp\/v2\/categories?post=9647"},{"taxonomy":"post_tag","embeddable":true,"href":"https:\/\/www.fsr-verkehr.de\/en\/wp-json\/wp\/v2\/tags?post=9647"}],"curies":[{"name":"wp","href":"https:\/\/api.w.org\/{rel}","templated":true}]}}