{"id":9651,"date":"2025-02-07T11:41:42","date_gmt":"2025-02-07T10:41:42","guid":{"rendered":"https:\/\/www.fsr-verkehr.de\/?p=9651"},"modified":"2025-02-07T11:47:12","modified_gmt":"2025-02-07T10:47:12","slug":"das-war-unser-diskussionsabend-blaues-wunder-wie-loesen-wir-das-verkehrsproblem","status":"publish","type":"post","link":"https:\/\/www.fsr-verkehr.de\/en\/das-war-unser-diskussionsabend-blaues-wunder-wie-loesen-wir-das-verkehrsproblem\/","title":{"rendered":"Das war unser Diskussionsabend &#8220;Blaues Wunder &#8211; Wie l\u00f6sen wir das Verkehrsproblem?&#8221;"},"content":{"rendered":"\n<figure class=\"wp-block-image size-large is-resized\"><img loading=\"lazy\" decoding=\"async\" width=\"1024\" height=\"768\" src=\"https:\/\/www.fsr-verkehr.de\/wp-content\/uploads\/2025\/02\/Bild-5-1024x768.jpeg\" alt=\"\" class=\"wp-image-9655\" style=\"width:656px;height:auto\" srcset=\"https:\/\/www.fsr-verkehr.de\/wp-content\/uploads\/2025\/02\/Bild-5-1024x768.jpeg 1024w, https:\/\/www.fsr-verkehr.de\/wp-content\/uploads\/2025\/02\/Bild-5-300x225.jpeg 300w, https:\/\/www.fsr-verkehr.de\/wp-content\/uploads\/2025\/02\/Bild-5-768x576.jpeg 768w, https:\/\/www.fsr-verkehr.de\/wp-content\/uploads\/2025\/02\/Bild-5-1536x1152.jpeg 1536w, https:\/\/www.fsr-verkehr.de\/wp-content\/uploads\/2025\/02\/Bild-5-400x300.jpeg 400w, https:\/\/www.fsr-verkehr.de\/wp-content\/uploads\/2025\/02\/Bild-5.jpeg 2048w\" sizes=\"auto, (max-width: 1024px) 100vw, 1024px\" \/><\/figure>\n\n\n\n<p>Gemeinsam mit den Stadtratspolitikern Ulrike Caspary (Fraktion B\u00fcndnis 90\/Die Gr\u00fcnen) und Veit B\u00f6hm (Fraktion CDU) haben wir intensiv \u00fcber die Verkehrssituation am Blauen Wunder diskutiert. Durch die vielen Nachfragen wurde deutlich, dass uns Verkehrswissenschaftler dieses Thema besch\u00e4ftigt und auch in Zukunft Diskussionsbedarf besteht:<\/p>\n\n\n\n<p>Wie finanzieren wir wichtige Verkehrsprojekte? Wie k\u00f6nnen wir den Umweltverbund st\u00e4rken und gleichzeitig die gesellschaftliche Akzeptanz nicht verlieren? uvm.<\/p>\n\n\n\n<p>Wir freuen uns auf weitere spannende Diskussionsabende im Jahr 2025!<\/p>\n\n\n\n<p>Euer Ressort Verkehrspolitik<br>Ressorthut Lukas K\u00f6hler<\/p>\n\n\n\n<p><\/p>\n","protected":false},"excerpt":{"rendered":"<p>Gemeinsam mit den Stadtratspolitikern Ulrike Caspary (Fraktion B\u00fcndnis 90\/Die Gr\u00fcnen) und Veit B\u00f6hm (Fraktion CDU) haben wir intensiv \u00fcber die Verkehrssituation am Blauen Wunder diskutiert. \u2026<\/p>\n","protected":false},"author":33,"featured_media":9652,"comment_status":"closed","ping_status":"closed","sticky":false,"template":"","format":"standard","meta":{"footnotes":""},"categories":[6,171,514],"tags":[],"class_list":["post-9651","post","type-post","status-publish","format-standard","has-post-thumbnail","hentry","category-aktuelles","category-news","category-schwarzes-brett"],"translation":{"provider":"WPGlobus","version":"3.0.0","language":"en","enabled_languages":["de","en"],"languages":{"de":{"title":true,"content":true,"excerpt":false},"en":{"title":false,"content":false,"excerpt":false}}},"_links":{"self":[{"href":"https:\/\/www.fsr-verkehr.de\/en\/wp-json\/wp\/v2\/posts\/9651","targetHints":{"allow":["GET"]}}],"collection":[{"href":"https:\/\/www.fsr-verkehr.de\/en\/wp-json\/wp\/v2\/posts"}],"about":[{"href":"https:\/\/www.fsr-verkehr.de\/en\/wp-json\/wp\/v2\/types\/post"}],"author":[{"embeddable":true,"href":"https:\/\/www.fsr-verkehr.de\/en\/wp-json\/wp\/v2\/users\/33"}],"replies":[{"embeddable":true,"href":"https:\/\/www.fsr-verkehr.de\/en\/wp-json\/wp\/v2\/comments?post=9651"}],"version-history":[{"count":4,"href":"https:\/\/www.fsr-verkehr.de\/en\/wp-json\/wp\/v2\/posts\/9651\/revisions"}],"predecessor-version":[{"id":9658,"href":"https:\/\/www.fsr-verkehr.de\/en\/wp-json\/wp\/v2\/posts\/9651\/revisions\/9658"}],"wp:featuredmedia":[{"embeddable":true,"href":"https:\/\/www.fsr-verkehr.de\/en\/wp-json\/wp\/v2\/media\/9652"}],"wp:attachment":[{"href":"https:\/\/www.fsr-verkehr.de\/en\/wp-json\/wp\/v2\/media?parent=9651"}],"wp:term":[{"taxonomy":"category","embeddable":true,"href":"https:\/\/www.fsr-verkehr.de\/en\/wp-json\/wp\/v2\/categories?post=9651"},{"taxonomy":"post_tag","embeddable":true,"href":"https:\/\/www.fsr-verkehr.de\/en\/wp-json\/wp\/v2\/tags?post=9651"}],"curies":[{"name":"wp","href":"https:\/\/api.w.org\/{rel}","templated":true}]}}